{"id":934,"date":"2019-03-26T15:39:45","date_gmt":"2019-03-26T15:39:45","guid":{"rendered":"http:\/\/www.colegiotremanes.com\/?p=934"},"modified":"2019-03-26T15:39:45","modified_gmt":"2019-03-26T15:39:45","slug":"nuestro-centro-esta-presente-en-la-ii-feria-de-innovacion-educativa","status":"publish","type":"post","link":"https:\/\/www.colegiotremanes.com\/?p=934","title":{"rendered":"Nuestro centro est\u00e1 presente en la II Feria de Innovaci\u00f3n Educativa"},"content":{"rendered":"<h4>A lo largo de esta semana se celebra en Xix\u00f3n la <a href=\"https:\/\/www.educastur.es\/-\/ii-feria-de-innovacion-educativa-de-asturias\">II Feria de Innovaci\u00f3n Educativa<\/a>, que re\u00fane algunas de las mejores propuestas m\u00e1s interesantes que se vinieron desarrollando en Asturias a lo largo del curso pasado.<\/h4>\n<h4>Nuestro centro estuvo presente con el proyecto de la mar, que realizamos a lo largo del segundo trimestre del curso 2017 &#8211; 2018.<\/h4>\n<figure id=\"attachment_935\" aria-describedby=\"caption-attachment-935\" style=\"width: 640px\" class=\"wp-caption aligncenter\"><img loading=\"lazy\" decoding=\"async\" class=\"size-large wp-image-935\" src=\"http:\/\/www.colegiotremanes.com\/wp-content\/uploads\/2019\/03\/IMG-20190326-WA0004-1024x768.jpg\" alt=\"\" width=\"640\" height=\"480\" srcset=\"https:\/\/www.colegiotremanes.com\/wp-content\/uploads\/2019\/03\/IMG-20190326-WA0004-1024x768.jpg 1024w, https:\/\/www.colegiotremanes.com\/wp-content\/uploads\/2019\/03\/IMG-20190326-WA0004-300x225.jpg 300w, https:\/\/www.colegiotremanes.com\/wp-content\/uploads\/2019\/03\/IMG-20190326-WA0004-768x576.jpg 768w, https:\/\/www.colegiotremanes.com\/wp-content\/uploads\/2019\/03\/IMG-20190326-WA0004-110x83.jpg 110w, https:\/\/www.colegiotremanes.com\/wp-content\/uploads\/2019\/03\/IMG-20190326-WA0004-420x315.jpg 420w, https:\/\/www.colegiotremanes.com\/wp-content\/uploads\/2019\/03\/IMG-20190326-WA0004-573x430.jpg 573w, https:\/\/www.colegiotremanes.com\/wp-content\/uploads\/2019\/03\/IMG-20190326-WA0004.jpg 1600w\" sizes=\"auto, (max-width: 640px) 100vw, 640px\" \/><figcaption id=\"caption-attachment-935\" class=\"wp-caption-text\">El consejero de Educaci\u00f3n, Genaro Alonso, hablando con algunos de nuestros alumnos.<\/figcaption><\/figure>\n<p><img loading=\"lazy\" decoding=\"async\" class=\"aligncenter size-large wp-image-936\" src=\"http:\/\/www.colegiotremanes.com\/wp-content\/uploads\/2019\/03\/IMG-20190326-WA0002-768x1024.jpg\" alt=\"\" width=\"640\" height=\"853\" srcset=\"https:\/\/www.colegiotremanes.com\/wp-content\/uploads\/2019\/03\/IMG-20190326-WA0002-768x1024.jpg 768w, https:\/\/www.colegiotremanes.com\/wp-content\/uploads\/2019\/03\/IMG-20190326-WA0002-225x300.jpg 225w, https:\/\/www.colegiotremanes.com\/wp-content\/uploads\/2019\/03\/IMG-20190326-WA0002-83x110.jpg 83w, https:\/\/www.colegiotremanes.com\/wp-content\/uploads\/2019\/03\/IMG-20190326-WA0002-315x420.jpg 315w, https:\/\/www.colegiotremanes.com\/wp-content\/uploads\/2019\/03\/IMG-20190326-WA0002-323x430.jpg 323w, https:\/\/www.colegiotremanes.com\/wp-content\/uploads\/2019\/03\/IMG-20190326-WA0002.jpg 1200w\" sizes=\"auto, (max-width: 640px) 100vw, 640px\" \/><\/p>\n","protected":false},"excerpt":{"rendered":"<p>A lo largo de esta semana se celebra en Xix\u00f3n la II Feria de Innovaci\u00f3n Educativa, que re\u00fane algunas de las mejores propuestas m\u00e1s interesantes que se vinieron desarrollando en Asturias a lo largo del curso pasado. Nuestro centro estuvo presente con el proyecto de la mar, que realizamos a lo largo del segundo trimestre [&hellip;]<\/p>\n","protected":false},"author":1,"featured_media":936,"comment_status":"open","ping_status":"open","sticky":false,"template":"","format":"standard","meta":{"footnotes":""},"categories":[17,18,7,5],"tags":[9,150,30,27],"class_list":["post-934","post","type-post","status-publish","format-standard","has-post-thumbnail","hentry","category-innovacion-educativa","category-noticias-y-novedades","category-premios","category-proyectos","tag-colegio-tremanes","tag-feria-innovacion","tag-proyecto-mar","tag-tremanes"],"_links":{"self":[{"href":"https:\/\/www.colegiotremanes.com\/index.php?rest_route=\/wp\/v2\/posts\/934","targetHints":{"allow":["GET"]}}],"collection":[{"href":"https:\/\/www.colegiotremanes.com\/index.php?rest_route=\/wp\/v2\/posts"}],"about":[{"href":"https:\/\/www.colegiotremanes.com\/index.php?rest_route=\/wp\/v2\/types\/post"}],"author":[{"embeddable":true,"href":"https:\/\/www.colegiotremanes.com\/index.php?rest_route=\/wp\/v2\/users\/1"}],"replies":[{"embeddable":true,"href":"https:\/\/www.colegiotremanes.com\/index.php?rest_route=%2Fwp%2Fv2%2Fcomments&post=934"}],"version-history":[{"count":1,"href":"https:\/\/www.colegiotremanes.com\/index.php?rest_route=\/wp\/v2\/posts\/934\/revisions"}],"predecessor-version":[{"id":937,"href":"https:\/\/www.colegiotremanes.com\/index.php?rest_route=\/wp\/v2\/posts\/934\/revisions\/937"}],"wp:featuredmedia":[{"embeddable":true,"href":"https:\/\/www.colegiotremanes.com\/index.php?rest_route=\/wp\/v2\/media\/936"}],"wp:attachment":[{"href":"https:\/\/www.colegiotremanes.com\/index.php?rest_route=%2Fwp%2Fv2%2Fmedia&parent=934"}],"wp:term":[{"taxonomy":"category","embeddable":true,"href":"https:\/\/www.colegiotremanes.com\/index.php?rest_route=%2Fwp%2Fv2%2Fcategories&post=934"},{"taxonomy":"post_tag","embeddable":true,"href":"https:\/\/www.colegiotremanes.com\/index.php?rest_route=%2Fwp%2Fv2%2Ftags&post=934"}],"curies":[{"name":"wp","href":"https:\/\/api.w.org\/{rel}","templated":true}]}}