{"id":929,"date":"2019-03-25T09:32:36","date_gmt":"2019-03-25T09:32:36","guid":{"rendered":"http:\/\/www.colegiotremanes.com\/?p=929"},"modified":"2019-03-25T09:32:36","modified_gmt":"2019-03-25T09:32:36","slug":"dia-de-la-poesia","status":"publish","type":"post","link":"https:\/\/www.colegiotremanes.com\/?p=929","title":{"rendered":"D\u00eda de la poes\u00eda"},"content":{"rendered":"<h5>El pasado jueves 21 de marzo celebramos en el centro el D\u00eda de la Poes\u00eda, con unas actividades muy especiales que giraron en torno a la reinauguraci\u00f3n de nuestra biblioteca de Educaci\u00f3n Primaria.<\/h5>\n<h5><img loading=\"lazy\" decoding=\"async\" class=\"alignleft  wp-image-930\" src=\"http:\/\/www.colegiotremanes.com\/wp-content\/uploads\/2019\/03\/IMG-20190321-WA0017-300x225.jpg\" alt=\"\" width=\"235\" height=\"176\" srcset=\"https:\/\/www.colegiotremanes.com\/wp-content\/uploads\/2019\/03\/IMG-20190321-WA0017-300x225.jpg 300w, https:\/\/www.colegiotremanes.com\/wp-content\/uploads\/2019\/03\/IMG-20190321-WA0017-768x576.jpg 768w, https:\/\/www.colegiotremanes.com\/wp-content\/uploads\/2019\/03\/IMG-20190321-WA0017-1024x768.jpg 1024w, https:\/\/www.colegiotremanes.com\/wp-content\/uploads\/2019\/03\/IMG-20190321-WA0017-110x83.jpg 110w, https:\/\/www.colegiotremanes.com\/wp-content\/uploads\/2019\/03\/IMG-20190321-WA0017-420x315.jpg 420w, https:\/\/www.colegiotremanes.com\/wp-content\/uploads\/2019\/03\/IMG-20190321-WA0017-573x430.jpg 573w, https:\/\/www.colegiotremanes.com\/wp-content\/uploads\/2019\/03\/IMG-20190321-WA0017.jpg 1600w\" sizes=\"auto, (max-width: 235px) 100vw, 235px\" \/>A primera hora de las ma\u00f1ana un grupo de alumnos y alumnas escogidas al azar de entre todas las clases, fueron los encargados de descubrir una placa con el nuevo nombre de la Biblioteca, dedicada a Gloria Fuertes.<\/h5>\n<h5>As\u00ed mismo a lo largo de la ma\u00f1ana las diferentes clases fueron pasando por este espacio para compartir sus creaciones literarias, leer poes\u00eda o simplemente conocer la decoraci\u00f3n creada a partir de nuestros trabajos especialmente para ese d\u00eda.<\/h5>\n<h5>Os dejamos una galer\u00eda de fotos de ese d\u00eda:<\/h5>\n<figure id=\"attachment_931\" aria-describedby=\"caption-attachment-931\" style=\"width: 640px\" class=\"wp-caption aligncenter\"><a href=\"https:\/\/photos.app.goo.gl\/WgamLFRgiqHVPdHTA\"><img loading=\"lazy\" decoding=\"async\" class=\"size-large wp-image-931\" src=\"http:\/\/www.colegiotremanes.com\/wp-content\/uploads\/2019\/03\/20190321_113342-1024x768.jpg\" alt=\"\" width=\"640\" height=\"480\" srcset=\"https:\/\/www.colegiotremanes.com\/wp-content\/uploads\/2019\/03\/20190321_113342-1024x768.jpg 1024w, https:\/\/www.colegiotremanes.com\/wp-content\/uploads\/2019\/03\/20190321_113342-300x225.jpg 300w, https:\/\/www.colegiotremanes.com\/wp-content\/uploads\/2019\/03\/20190321_113342-768x576.jpg 768w, https:\/\/www.colegiotremanes.com\/wp-content\/uploads\/2019\/03\/20190321_113342-110x83.jpg 110w, https:\/\/www.colegiotremanes.com\/wp-content\/uploads\/2019\/03\/20190321_113342-420x315.jpg 420w, https:\/\/www.colegiotremanes.com\/wp-content\/uploads\/2019\/03\/20190321_113342-573x430.jpg 573w\" sizes=\"auto, (max-width: 640px) 100vw, 640px\" \/><\/a><figcaption id=\"caption-attachment-931\" class=\"wp-caption-text\">Picar en la imagen para acceder a la Galer\u00eda.<\/figcaption><\/figure>\n<p>&nbsp;<\/p>\n","protected":false},"excerpt":{"rendered":"<p>El pasado jueves 21 de marzo celebramos en el centro el D\u00eda de la Poes\u00eda, con unas actividades muy especiales que giraron en torno a la reinauguraci\u00f3n de nuestra biblioteca de Educaci\u00f3n Primaria. A primera hora de las ma\u00f1ana un grupo de alumnos y alumnas escogidas al azar de entre todas las clases, fueron los [&hellip;]<\/p>\n","protected":false},"author":1,"featured_media":931,"comment_status":"open","ping_status":"open","sticky":false,"template":"","format":"standard","meta":{"footnotes":""},"categories":[139,6,17,18],"tags":[140,9,148,149,27],"class_list":["post-929","post","type-post","status-publish","format-standard","has-post-thumbnail","hentry","category-biblioteca","category-blogs","category-innovacion-educativa","category-noticias-y-novedades","tag-biblioteca","tag-colegio-tremanes","tag-dia-de-la-poesia","tag-gloria-fuertes","tag-tremanes"],"_links":{"self":[{"href":"https:\/\/www.colegiotremanes.com\/index.php?rest_route=\/wp\/v2\/posts\/929","targetHints":{"allow":["GET"]}}],"collection":[{"href":"https:\/\/www.colegiotremanes.com\/index.php?rest_route=\/wp\/v2\/posts"}],"about":[{"href":"https:\/\/www.colegiotremanes.com\/index.php?rest_route=\/wp\/v2\/types\/post"}],"author":[{"embeddable":true,"href":"https:\/\/www.colegiotremanes.com\/index.php?rest_route=\/wp\/v2\/users\/1"}],"replies":[{"embeddable":true,"href":"https:\/\/www.colegiotremanes.com\/index.php?rest_route=%2Fwp%2Fv2%2Fcomments&post=929"}],"version-history":[{"count":1,"href":"https:\/\/www.colegiotremanes.com\/index.php?rest_route=\/wp\/v2\/posts\/929\/revisions"}],"predecessor-version":[{"id":932,"href":"https:\/\/www.colegiotremanes.com\/index.php?rest_route=\/wp\/v2\/posts\/929\/revisions\/932"}],"wp:featuredmedia":[{"embeddable":true,"href":"https:\/\/www.colegiotremanes.com\/index.php?rest_route=\/wp\/v2\/media\/931"}],"wp:attachment":[{"href":"https:\/\/www.colegiotremanes.com\/index.php?rest_route=%2Fwp%2Fv2%2Fmedia&parent=929"}],"wp:term":[{"taxonomy":"category","embeddable":true,"href":"https:\/\/www.colegiotremanes.com\/index.php?rest_route=%2Fwp%2Fv2%2Fcategories&post=929"},{"taxonomy":"post_tag","embeddable":true,"href":"https:\/\/www.colegiotremanes.com\/index.php?rest_route=%2Fwp%2Fv2%2Ftags&post=929"}],"curies":[{"name":"wp","href":"https:\/\/api.w.org\/{rel}","templated":true}]}}