{"id":3951,"date":"2026-02-23T12:42:51","date_gmt":"2026-02-23T12:42:51","guid":{"rendered":"https:\/\/www.colegiotremanes.com\/?p=3951"},"modified":"2026-02-23T12:42:51","modified_gmt":"2026-02-23T12:42:51","slug":"%e2%9c%a8-jornada-de-puertas-abiertas-%e2%9c%a8","status":"publish","type":"post","link":"https:\/\/www.colegiotremanes.com\/?p=3951","title":{"rendered":"&#x2728; \u00a1JORNADA DE PUERTAS ABIERTAS! &#x2728;"},"content":{"rendered":"\n<p>Estimadas familias,<\/p>\n\n\n\n<p>Desde el <strong>Colegio Trema\u00f1es<\/strong> nos complace invitaros a nuestra <em>Jornada de Puertas Abiertas<\/em>, una excelente oportunidad para conocer nuestras instalaciones, descubrir nuestro proyecto educativo y poner cara al equipo que acompa\u00f1ar\u00e1 a vuestros hijos e hijas en su aprendizaje &#x1f499;&#x1f4da;<\/p>\n\n\n\n<p>&#x1f5d3; <strong>Fechas disponibles:<\/strong><br>&#x1f539; 26 de marzo a las 9:30h<br>&#x1f539; 6 de abril a las 15:00h<\/p>\n\n\n\n<p>Si no pod\u00e9is asistir en esas fechas pero est\u00e1is interesados\/as en conocernos, escribidnos un correo y buscaremos un horario alternativo que se adapte a vosotros.<\/p>\n\n\n\n<p>&#x1f4e9; Para asistir, pod\u00e9is:<br>&#x2714;&#xfe0f; Rellenar el formulario <a href=\"https:\/\/forms.office.com\/e\/Ecb3YRrR8t\">FORMULARIO PUERTAS ABIERTAS: Rellenar formulario<\/a><br>&#x2714;&#xfe0f; Enviarnos un correo con la fecha elegida y los datos del peque que ten\u00e9is previsto matricular<br>&#x2714;&#xfe0f; Llamarnos por tel\u00e9fono<\/p>\n\n\n\n<p>Nos encantar\u00e1 recibiros y ense\u00f1aros todo lo que el Colegio Trema\u00f1es puede ofrecer &#x1f31f;<\/p>\n\n\n\n<p>\u00a1Os esperamos!<\/p>\n\n\n\n<p>#JornadaDePuertasAbiertas #ColegioTrema\u00f1es #Educaci\u00f3nConValores #VenAConocernos<\/p>\n\n\n\n<figure class=\"wp-block-image size-large\"><img loading=\"lazy\" decoding=\"async\" width=\"819\" height=\"1024\" src=\"https:\/\/www.colegiotremanes.com\/wp-content\/uploads\/2026\/02\/\u00bfQuieres-conocernos-o-sabes-de-alguien-que-quiera-hacerlo-819x1024.png\" alt=\"\" class=\"wp-image-3952\" srcset=\"https:\/\/www.colegiotremanes.com\/wp-content\/uploads\/2026\/02\/\u00bfQuieres-conocernos-o-sabes-de-alguien-que-quiera-hacerlo-819x1024.png 819w, https:\/\/www.colegiotremanes.com\/wp-content\/uploads\/2026\/02\/\u00bfQuieres-conocernos-o-sabes-de-alguien-que-quiera-hacerlo-240x300.png 240w, https:\/\/www.colegiotremanes.com\/wp-content\/uploads\/2026\/02\/\u00bfQuieres-conocernos-o-sabes-de-alguien-que-quiera-hacerlo-768x960.png 768w, https:\/\/www.colegiotremanes.com\/wp-content\/uploads\/2026\/02\/\u00bfQuieres-conocernos-o-sabes-de-alguien-que-quiera-hacerlo-88x110.png 88w, https:\/\/www.colegiotremanes.com\/wp-content\/uploads\/2026\/02\/\u00bfQuieres-conocernos-o-sabes-de-alguien-que-quiera-hacerlo-336x420.png 336w, https:\/\/www.colegiotremanes.com\/wp-content\/uploads\/2026\/02\/\u00bfQuieres-conocernos-o-sabes-de-alguien-que-quiera-hacerlo-344x430.png 344w, https:\/\/www.colegiotremanes.com\/wp-content\/uploads\/2026\/02\/\u00bfQuieres-conocernos-o-sabes-de-alguien-que-quiera-hacerlo.png 1080w\" sizes=\"auto, (max-width: 819px) 100vw, 819px\" \/><\/figure>\n","protected":false},"excerpt":{"rendered":"<p>Estimadas familias, Desde el Colegio Trema\u00f1es nos complace invitaros a nuestra Jornada de Puertas Abiertas, una excelente oportunidad para conocer nuestras instalaciones, descubrir nuestro proyecto educativo y poner cara al equipo que acompa\u00f1ar\u00e1 a vuestros hijos e hijas en su aprendizaje &#x1f499;&#x1f4da; &#x1f5d3; Fechas disponibles:&#x1f539; 26 de marzo a las 9:30h&#x1f539; 6 de abril a [&hellip;]<\/p>\n","protected":false},"author":8,"featured_media":3952,"comment_status":"open","ping_status":"open","sticky":false,"template":"","format":"standard","meta":{"footnotes":""},"categories":[18],"tags":[49,9,24,43,25],"class_list":["post-3951","post","type-post","status-publish","format-standard","has-post-thumbnail","hentry","category-noticias-y-novedades","tag-admision","tag-colegio-tremanes","tag-educacion-infantil","tag-puertas-abiertas","tag-trabajo-por-proyectos"],"_links":{"self":[{"href":"https:\/\/www.colegiotremanes.com\/index.php?rest_route=\/wp\/v2\/posts\/3951","targetHints":{"allow":["GET"]}}],"collection":[{"href":"https:\/\/www.colegiotremanes.com\/index.php?rest_route=\/wp\/v2\/posts"}],"about":[{"href":"https:\/\/www.colegiotremanes.com\/index.php?rest_route=\/wp\/v2\/types\/post"}],"author":[{"embeddable":true,"href":"https:\/\/www.colegiotremanes.com\/index.php?rest_route=\/wp\/v2\/users\/8"}],"replies":[{"embeddable":true,"href":"https:\/\/www.colegiotremanes.com\/index.php?rest_route=%2Fwp%2Fv2%2Fcomments&post=3951"}],"version-history":[{"count":1,"href":"https:\/\/www.colegiotremanes.com\/index.php?rest_route=\/wp\/v2\/posts\/3951\/revisions"}],"predecessor-version":[{"id":3953,"href":"https:\/\/www.colegiotremanes.com\/index.php?rest_route=\/wp\/v2\/posts\/3951\/revisions\/3953"}],"wp:featuredmedia":[{"embeddable":true,"href":"https:\/\/www.colegiotremanes.com\/index.php?rest_route=\/wp\/v2\/media\/3952"}],"wp:attachment":[{"href":"https:\/\/www.colegiotremanes.com\/index.php?rest_route=%2Fwp%2Fv2%2Fmedia&parent=3951"}],"wp:term":[{"taxonomy":"category","embeddable":true,"href":"https:\/\/www.colegiotremanes.com\/index.php?rest_route=%2Fwp%2Fv2%2Fcategories&post=3951"},{"taxonomy":"post_tag","embeddable":true,"href":"https:\/\/www.colegiotremanes.com\/index.php?rest_route=%2Fwp%2Fv2%2Ftags&post=3951"}],"curies":[{"name":"wp","href":"https:\/\/api.w.org\/{rel}","templated":true}]}}