{"id":3835,"date":"2025-12-01T21:07:23","date_gmt":"2025-12-01T21:07:23","guid":{"rendered":"https:\/\/www.colegiotremanes.com\/?p=3835"},"modified":"2025-12-01T21:07:23","modified_gmt":"2025-12-01T21:07:23","slug":"danciando-tol-anu","status":"publish","type":"post","link":"https:\/\/www.colegiotremanes.com\/?p=3835","title":{"rendered":"Danciando tol a\u00f1u"},"content":{"rendered":"\n<p>Dende l\u2019\u00e1rea d\u2019Asturianu llevamos a cabo esta <strong>activid\u00e1 complementaria<\/strong> pa difundir la nuesa cultura al travi\u00e9s de la danza tradicional.<\/p>\n\n\n\n<p>Un a\u00f1u completu de ritmu, disfrute y aprendizaxes, onde\u2019l alumn\u00e1u pudo sentir y vivir la m\u00fasica asturiana d\u2019una manera especial.<\/p>\n\n\n\n<p><strong>Gracias a tolos que participaron<\/strong> y fixeron d\u2019esta experiencia un momentu \u00fanicu.<br>\u00a1Sigamos movi\u00e9ndonos al son de la nuesa tradici\u00f3n! <\/p>\n\n\n\n<figure class=\"wp-block-image size-large\"><img loading=\"lazy\" decoding=\"async\" width=\"819\" height=\"1024\" src=\"https:\/\/www.colegiotremanes.com\/wp-content\/uploads\/2025\/12\/20-25-819x1024.png\" alt=\"\" class=\"wp-image-3836\" srcset=\"https:\/\/www.colegiotremanes.com\/wp-content\/uploads\/2025\/12\/20-25-819x1024.png 819w, https:\/\/www.colegiotremanes.com\/wp-content\/uploads\/2025\/12\/20-25-240x300.png 240w, https:\/\/www.colegiotremanes.com\/wp-content\/uploads\/2025\/12\/20-25-768x960.png 768w, https:\/\/www.colegiotremanes.com\/wp-content\/uploads\/2025\/12\/20-25-88x110.png 88w, https:\/\/www.colegiotremanes.com\/wp-content\/uploads\/2025\/12\/20-25-336x420.png 336w, https:\/\/www.colegiotremanes.com\/wp-content\/uploads\/2025\/12\/20-25-344x430.png 344w, https:\/\/www.colegiotremanes.com\/wp-content\/uploads\/2025\/12\/20-25.png 1080w\" sizes=\"auto, (max-width: 819px) 100vw, 819px\" \/><\/figure>\n\n\n\n<p><\/p>\n","protected":false},"excerpt":{"rendered":"<p>Dende l\u2019\u00e1rea d\u2019Asturianu llevamos a cabo esta activid\u00e1 complementaria pa difundir la nuesa cultura al travi\u00e9s de la danza tradicional. Un a\u00f1u completu de ritmu, disfrute y aprendizaxes, onde\u2019l alumn\u00e1u pudo sentir y vivir la m\u00fasica asturiana d\u2019una manera especial. Gracias a tolos que participaron y fixeron d\u2019esta experiencia un momentu \u00fanicu.\u00a1Sigamos movi\u00e9ndonos al son [&hellip;]<\/p>\n","protected":false},"author":8,"featured_media":3836,"comment_status":"open","ping_status":"open","sticky":false,"template":"","format":"standard","meta":{"footnotes":""},"categories":[114,18],"tags":[464,462,9,461,463],"class_list":["post-3835","post","type-post","status-publish","format-standard","has-post-thumbnail","hentry","category-actividades-complementarias","category-noticias-y-novedades","tag-actividades","tag-asturiano","tag-colegio-tremanes","tag-danciando","tag-llingua"],"_links":{"self":[{"href":"https:\/\/www.colegiotremanes.com\/index.php?rest_route=\/wp\/v2\/posts\/3835","targetHints":{"allow":["GET"]}}],"collection":[{"href":"https:\/\/www.colegiotremanes.com\/index.php?rest_route=\/wp\/v2\/posts"}],"about":[{"href":"https:\/\/www.colegiotremanes.com\/index.php?rest_route=\/wp\/v2\/types\/post"}],"author":[{"embeddable":true,"href":"https:\/\/www.colegiotremanes.com\/index.php?rest_route=\/wp\/v2\/users\/8"}],"replies":[{"embeddable":true,"href":"https:\/\/www.colegiotremanes.com\/index.php?rest_route=%2Fwp%2Fv2%2Fcomments&post=3835"}],"version-history":[{"count":1,"href":"https:\/\/www.colegiotremanes.com\/index.php?rest_route=\/wp\/v2\/posts\/3835\/revisions"}],"predecessor-version":[{"id":3837,"href":"https:\/\/www.colegiotremanes.com\/index.php?rest_route=\/wp\/v2\/posts\/3835\/revisions\/3837"}],"wp:featuredmedia":[{"embeddable":true,"href":"https:\/\/www.colegiotremanes.com\/index.php?rest_route=\/wp\/v2\/media\/3836"}],"wp:attachment":[{"href":"https:\/\/www.colegiotremanes.com\/index.php?rest_route=%2Fwp%2Fv2%2Fmedia&parent=3835"}],"wp:term":[{"taxonomy":"category","embeddable":true,"href":"https:\/\/www.colegiotremanes.com\/index.php?rest_route=%2Fwp%2Fv2%2Fcategories&post=3835"},{"taxonomy":"post_tag","embeddable":true,"href":"https:\/\/www.colegiotremanes.com\/index.php?rest_route=%2Fwp%2Fv2%2Ftags&post=3835"}],"curies":[{"name":"wp","href":"https:\/\/api.w.org\/{rel}","templated":true}]}}