{"id":356,"date":"2018-01-15T10:28:32","date_gmt":"2018-01-15T10:28:32","guid":{"rendered":"http:\/\/www.colegiotremanes.com\/?p=356"},"modified":"2018-01-15T10:28:32","modified_gmt":"2018-01-15T10:28:32","slug":"somos-la-mar-de-salaos","status":"publish","type":"post","link":"https:\/\/www.colegiotremanes.com\/?p=356","title":{"rendered":"\u00a1Somos la mar de salaos!"},"content":{"rendered":"<p>Comienza el Trimestre y en el colegio ponemos en marcha el proyecto que implica a pr\u00e1cticamente todo el centro (de Educaci\u00f3n Infantil a 4\u00ba de Educaci\u00f3n Primaria): <strong>\u00abEn el fondo de la mar\u00bb<\/strong>.<\/p>\n<p>Para enganchar a nuestro alumnado, como primera actividad recibimos la visita de <strong>Coral la Terrible<\/strong>, una pirata que previamente nos hab\u00eda escrito una postal desde las Islas Caim\u00e1n. Ella nos propuso varios problemas que debemos de intentar solucionar a lo largo de este Trimestre:<\/p>\n<ol>\n<li>En la quilla de su barco se sit\u00faa un animal marino que le impide navegar. Debemos investigar acerca de la fauna y flora marina para identificarlo, y el fruto de dicha investigaci\u00f3n se plasmar\u00e1 en una exposici\u00f3n.<\/li>\n<li>Como pirata nos cuenta que tambi\u00e9n es un problema para la navegaci\u00f3n la gran cantidad de contaminaci\u00f3n que tienen los mares. Deberemos elaborar entonces una marina, que posteriormente se expondr\u00e1 y subastar\u00e1, y con los fondos recaudados ayudaremos a varias asociaciones de limpieza y cuidado de la mar.<\/li>\n<\/ol>\n<p>Pod\u00e9is ver la <strong>galer\u00eda completa<\/strong> de fotos picando en la siguiente imagen:<\/p>\n<figure id=\"attachment_357\" aria-describedby=\"caption-attachment-357\" style=\"width: 640px\" class=\"wp-caption aligncenter\"><a href=\"https:\/\/photos.app.goo.gl\/VtpxDH5hzV5E3MvR2\"><img loading=\"lazy\" decoding=\"async\" class=\"wp-image-357 size-large\" src=\"http:\/\/www.colegiotremanes.com\/wp-content\/uploads\/2018\/01\/20180109_101950-1024x768.jpg\" alt=\"\" width=\"640\" height=\"480\" srcset=\"https:\/\/www.colegiotremanes.com\/wp-content\/uploads\/2018\/01\/20180109_101950.jpg 1024w, https:\/\/www.colegiotremanes.com\/wp-content\/uploads\/2018\/01\/20180109_101950-300x225.jpg 300w, https:\/\/www.colegiotremanes.com\/wp-content\/uploads\/2018\/01\/20180109_101950-768x576.jpg 768w, https:\/\/www.colegiotremanes.com\/wp-content\/uploads\/2018\/01\/20180109_101950-110x83.jpg 110w, https:\/\/www.colegiotremanes.com\/wp-content\/uploads\/2018\/01\/20180109_101950-420x315.jpg 420w, https:\/\/www.colegiotremanes.com\/wp-content\/uploads\/2018\/01\/20180109_101950-573x430.jpg 573w\" sizes=\"auto, (max-width: 640px) 100vw, 640px\" \/><\/a><figcaption id=\"caption-attachment-357\" class=\"wp-caption-text\">Pica encima de la imagen para acceder a la galer\u00eda.<\/figcaption><\/figure>\n","protected":false},"excerpt":{"rendered":"<p>Comienza el Trimestre y en el colegio ponemos en marcha el proyecto que implica a pr\u00e1cticamente todo el centro (de Educaci\u00f3n Infantil a 4\u00ba de Educaci\u00f3n Primaria): \u00abEn el fondo de la mar\u00bb. Para enganchar a nuestro alumnado, como primera actividad recibimos la visita de Coral la Terrible, una pirata que previamente nos hab\u00eda escrito [&hellip;]<\/p>\n","protected":false},"author":1,"featured_media":357,"comment_status":"open","ping_status":"open","sticky":false,"template":"","format":"standard","meta":{"footnotes":""},"categories":[18,5],"tags":[9,31,30,23,25,27],"class_list":["post-356","post","type-post","status-publish","format-standard","has-post-thumbnail","hentry","category-noticias-y-novedades","category-proyectos","tag-colegio-tremanes","tag-piratas","tag-proyecto-mar","tag-proyectos","tag-trabajo-por-proyectos","tag-tremanes"],"_links":{"self":[{"href":"https:\/\/www.colegiotremanes.com\/index.php?rest_route=\/wp\/v2\/posts\/356","targetHints":{"allow":["GET"]}}],"collection":[{"href":"https:\/\/www.colegiotremanes.com\/index.php?rest_route=\/wp\/v2\/posts"}],"about":[{"href":"https:\/\/www.colegiotremanes.com\/index.php?rest_route=\/wp\/v2\/types\/post"}],"author":[{"embeddable":true,"href":"https:\/\/www.colegiotremanes.com\/index.php?rest_route=\/wp\/v2\/users\/1"}],"replies":[{"embeddable":true,"href":"https:\/\/www.colegiotremanes.com\/index.php?rest_route=%2Fwp%2Fv2%2Fcomments&post=356"}],"version-history":[{"count":1,"href":"https:\/\/www.colegiotremanes.com\/index.php?rest_route=\/wp\/v2\/posts\/356\/revisions"}],"predecessor-version":[{"id":358,"href":"https:\/\/www.colegiotremanes.com\/index.php?rest_route=\/wp\/v2\/posts\/356\/revisions\/358"}],"wp:featuredmedia":[{"embeddable":true,"href":"https:\/\/www.colegiotremanes.com\/index.php?rest_route=\/wp\/v2\/media\/357"}],"wp:attachment":[{"href":"https:\/\/www.colegiotremanes.com\/index.php?rest_route=%2Fwp%2Fv2%2Fmedia&parent=356"}],"wp:term":[{"taxonomy":"category","embeddable":true,"href":"https:\/\/www.colegiotremanes.com\/index.php?rest_route=%2Fwp%2Fv2%2Fcategories&post=356"},{"taxonomy":"post_tag","embeddable":true,"href":"https:\/\/www.colegiotremanes.com\/index.php?rest_route=%2Fwp%2Fv2%2Ftags&post=356"}],"curies":[{"name":"wp","href":"https:\/\/api.w.org\/{rel}","templated":true}]}}