{"id":332,"date":"2017-12-11T10:30:48","date_gmt":"2017-12-11T10:30:48","guid":{"rendered":"http:\/\/www.colegiotremanes.com\/?p=332"},"modified":"2017-12-11T10:30:48","modified_gmt":"2017-12-11T10:30:48","slug":"esposicion-lliteraria-nasturianu","status":"publish","type":"post","link":"https:\/\/www.colegiotremanes.com\/?p=332","title":{"rendered":"Esposici\u00f3n lliteraria n&#8217;asturianu"},"content":{"rendered":"<p>Dende l&#8217;asignatura de Llingua Asturiana tienen puesto nel pasiellu del centru una esposici\u00f3n basada nel \u00e1lbum ilustr\u00e1u \u00abAquel viaxe estraordinariu\u00bb, del que ye ilustradora Mar\u00eda D\u00eda Perera y autora Luc\u00eda Tejerina.<\/p>\n<p>Va tar espuesta dellos meses pa que los alumnos y alumnes tengan oportunid\u00e1 de disfrutar d&#8217;estes guapes l\u00e1mines.<\/p>\n<figure id=\"attachment_333\" aria-describedby=\"caption-attachment-333\" style=\"width: 640px\" class=\"wp-caption aligncenter\"><img loading=\"lazy\" decoding=\"async\" class=\"wp-image-333 size-large\" src=\"http:\/\/www.colegiotremanes.com\/wp-content\/uploads\/2017\/12\/20171211_111225-1024x512.jpg\" alt=\"\" width=\"640\" height=\"320\" srcset=\"https:\/\/www.colegiotremanes.com\/wp-content\/uploads\/2017\/12\/20171211_111225-1024x512.jpg 1024w, https:\/\/www.colegiotremanes.com\/wp-content\/uploads\/2017\/12\/20171211_111225-300x150.jpg 300w, https:\/\/www.colegiotremanes.com\/wp-content\/uploads\/2017\/12\/20171211_111225-768x384.jpg 768w, https:\/\/www.colegiotremanes.com\/wp-content\/uploads\/2017\/12\/20171211_111225-110x55.jpg 110w, https:\/\/www.colegiotremanes.com\/wp-content\/uploads\/2017\/12\/20171211_111225-420x210.jpg 420w, https:\/\/www.colegiotremanes.com\/wp-content\/uploads\/2017\/12\/20171211_111225-770x385.jpg 770w\" sizes=\"auto, (max-width: 640px) 100vw, 640px\" \/><figcaption id=\"caption-attachment-333\" class=\"wp-caption-text\">L&#8217;alumn\u00e1u de Sestu, viendo la esposici\u00f3n.<\/figcaption><\/figure>\n<p><img loading=\"lazy\" decoding=\"async\" class=\"aligncenter size-large wp-image-334\" src=\"http:\/\/www.colegiotremanes.com\/wp-content\/uploads\/2017\/12\/20171211_111254-1024x512.jpg\" alt=\"\" width=\"640\" height=\"320\" srcset=\"https:\/\/www.colegiotremanes.com\/wp-content\/uploads\/2017\/12\/20171211_111254-1024x512.jpg 1024w, https:\/\/www.colegiotremanes.com\/wp-content\/uploads\/2017\/12\/20171211_111254-300x150.jpg 300w, https:\/\/www.colegiotremanes.com\/wp-content\/uploads\/2017\/12\/20171211_111254-768x384.jpg 768w, https:\/\/www.colegiotremanes.com\/wp-content\/uploads\/2017\/12\/20171211_111254-110x55.jpg 110w, https:\/\/www.colegiotremanes.com\/wp-content\/uploads\/2017\/12\/20171211_111254-420x210.jpg 420w, https:\/\/www.colegiotremanes.com\/wp-content\/uploads\/2017\/12\/20171211_111254-770x385.jpg 770w\" sizes=\"auto, (max-width: 640px) 100vw, 640px\" \/><\/p>\n<p>&nbsp;<\/p>\n","protected":false},"excerpt":{"rendered":"<p>Dende l&#8217;asignatura de Llingua Asturiana tienen puesto nel pasiellu del centru una esposici\u00f3n basada nel \u00e1lbum ilustr\u00e1u \u00abAquel viaxe estraordinariu\u00bb, del que ye ilustradora Mar\u00eda D\u00eda Perera y autora Luc\u00eda Tejerina. Va tar espuesta dellos meses pa que los alumnos y alumnes tengan oportunid\u00e1 de disfrutar d&#8217;estes guapes l\u00e1mines. &nbsp;<\/p>\n","protected":false},"author":1,"featured_media":334,"comment_status":"open","ping_status":"open","sticky":false,"template":"","format":"standard","meta":{"footnotes":""},"categories":[18],"tags":[28,9,29],"class_list":["post-332","post","type-post","status-publish","format-standard","has-post-thumbnail","hentry","category-noticias-y-novedades","tag-asturianu","tag-colegio-tremanes","tag-lliteratura"],"_links":{"self":[{"href":"https:\/\/www.colegiotremanes.com\/index.php?rest_route=\/wp\/v2\/posts\/332","targetHints":{"allow":["GET"]}}],"collection":[{"href":"https:\/\/www.colegiotremanes.com\/index.php?rest_route=\/wp\/v2\/posts"}],"about":[{"href":"https:\/\/www.colegiotremanes.com\/index.php?rest_route=\/wp\/v2\/types\/post"}],"author":[{"embeddable":true,"href":"https:\/\/www.colegiotremanes.com\/index.php?rest_route=\/wp\/v2\/users\/1"}],"replies":[{"embeddable":true,"href":"https:\/\/www.colegiotremanes.com\/index.php?rest_route=%2Fwp%2Fv2%2Fcomments&post=332"}],"version-history":[{"count":1,"href":"https:\/\/www.colegiotremanes.com\/index.php?rest_route=\/wp\/v2\/posts\/332\/revisions"}],"predecessor-version":[{"id":335,"href":"https:\/\/www.colegiotremanes.com\/index.php?rest_route=\/wp\/v2\/posts\/332\/revisions\/335"}],"wp:featuredmedia":[{"embeddable":true,"href":"https:\/\/www.colegiotremanes.com\/index.php?rest_route=\/wp\/v2\/media\/334"}],"wp:attachment":[{"href":"https:\/\/www.colegiotremanes.com\/index.php?rest_route=%2Fwp%2Fv2%2Fmedia&parent=332"}],"wp:term":[{"taxonomy":"category","embeddable":true,"href":"https:\/\/www.colegiotremanes.com\/index.php?rest_route=%2Fwp%2Fv2%2Fcategories&post=332"},{"taxonomy":"post_tag","embeddable":true,"href":"https:\/\/www.colegiotremanes.com\/index.php?rest_route=%2Fwp%2Fv2%2Ftags&post=332"}],"curies":[{"name":"wp","href":"https:\/\/api.w.org\/{rel}","templated":true}]}}