{"id":2178,"date":"2021-06-28T09:58:34","date_gmt":"2021-06-28T09:58:34","guid":{"rendered":"http:\/\/www.colegiotremanes.com\/?p=2178"},"modified":"2021-06-28T09:58:34","modified_gmt":"2021-06-28T09:58:34","slug":"alumnado-de-nuestro-centro-entre-los-ganadores-del-certamen-de-dibujos-y-cuentos-del-medio-ambiente","status":"publish","type":"post","link":"https:\/\/www.colegiotremanes.com\/?p=2178","title":{"rendered":"Alumnado de nuestro centro entre los ganadores del Certamen de Dibujos y Cuentos del medio ambiente"},"content":{"rendered":"<h4>Nuestros proyectos medioambientales, centrados en la vida de los insectos; y el inter\u00e9s de las familias y el talento del alumnado ha dado sus frutos. Tres de nuestros alumnos han resultado galardonados con los premios <a href=\"https:\/\/www.gijon.es\/es\/noticias\/gijon-ya-tiene-los-mejores-cuentos-y-dibujos-de-medio-ambiente\" target=\"_blank\" rel=\"noopener noreferrer\">Cuentos y Dibujos del Medio Ambiente<\/a> que cada a\u00f1o otorga el Ayuntamiento de Gij\u00f3n\/Xix\u00f3n, a trav\u00e9s del Jard\u00edn Bot\u00e1nico Atl\u00e1ntico.<\/h4>\n<h4>Concretamente resultaron premiados Mart\u00edn Fern\u00e1ndez, de Infantil 5 a\u00f1os por su dibujo \u00abInsectos\u00bb, Candela Aguirre por el relato \u00abFauna m\u00e1gica\u00bb y Valeria Delgado por el texto \u00abLa guerra entre las abejas y las avispas\u00bb.<\/h4>\n<h4>Os dejamos el <a href=\"https:\/\/www.elcomercio.es\/gijon\/historias-premio-celebrar-20210605135901-nt.html\" target=\"_blank\" rel=\"noopener noreferrer\">enlace a la noticia<\/a> en la web de El Comercio.<\/h4>\n<h4>\u00a1Enhorabuena a tod@s!<\/h4>\n<figure id=\"attachment_2179\" aria-describedby=\"caption-attachment-2179\" style=\"width: 2048px\" class=\"wp-caption aligncenter\"><img loading=\"lazy\" decoding=\"async\" class=\"wp-image-2179 size-full\" src=\"http:\/\/www.colegiotremanes.com\/wp-content\/uploads\/2021\/06\/Cuentu_Valeria.jpeg\" alt=\"\" width=\"2048\" height=\"1151\" srcset=\"https:\/\/www.colegiotremanes.com\/wp-content\/uploads\/2021\/06\/Cuentu_Valeria.jpeg 2048w, https:\/\/www.colegiotremanes.com\/wp-content\/uploads\/2021\/06\/Cuentu_Valeria-300x169.jpeg 300w, https:\/\/www.colegiotremanes.com\/wp-content\/uploads\/2021\/06\/Cuentu_Valeria-1024x576.jpeg 1024w, https:\/\/www.colegiotremanes.com\/wp-content\/uploads\/2021\/06\/Cuentu_Valeria-768x432.jpeg 768w, https:\/\/www.colegiotremanes.com\/wp-content\/uploads\/2021\/06\/Cuentu_Valeria-1536x863.jpeg 1536w, https:\/\/www.colegiotremanes.com\/wp-content\/uploads\/2021\/06\/Cuentu_Valeria-110x62.jpeg 110w, https:\/\/www.colegiotremanes.com\/wp-content\/uploads\/2021\/06\/Cuentu_Valeria-420x236.jpeg 420w, https:\/\/www.colegiotremanes.com\/wp-content\/uploads\/2021\/06\/Cuentu_Valeria-248x138.jpeg 248w, https:\/\/www.colegiotremanes.com\/wp-content\/uploads\/2021\/06\/Cuentu_Valeria-765x430.jpeg 765w\" sizes=\"auto, (max-width: 2048px) 100vw, 2048px\" \/><figcaption id=\"caption-attachment-2179\" class=\"wp-caption-text\">Cuento de Valeria<\/figcaption><\/figure>\n<figure id=\"attachment_2180\" aria-describedby=\"caption-attachment-2180\" style=\"width: 2048px\" class=\"wp-caption aligncenter\"><img loading=\"lazy\" decoding=\"async\" class=\"wp-image-2180 size-full\" src=\"http:\/\/www.colegiotremanes.com\/wp-content\/uploads\/2021\/06\/Dibuxu_Mart\u00edn.jpeg\" alt=\"\" width=\"2048\" height=\"1151\" srcset=\"https:\/\/www.colegiotremanes.com\/wp-content\/uploads\/2021\/06\/Dibuxu_Mart\u00edn.jpeg 2048w, https:\/\/www.colegiotremanes.com\/wp-content\/uploads\/2021\/06\/Dibuxu_Mart\u00edn-300x169.jpeg 300w, https:\/\/www.colegiotremanes.com\/wp-content\/uploads\/2021\/06\/Dibuxu_Mart\u00edn-1024x576.jpeg 1024w, https:\/\/www.colegiotremanes.com\/wp-content\/uploads\/2021\/06\/Dibuxu_Mart\u00edn-768x432.jpeg 768w, https:\/\/www.colegiotremanes.com\/wp-content\/uploads\/2021\/06\/Dibuxu_Mart\u00edn-1536x863.jpeg 1536w, https:\/\/www.colegiotremanes.com\/wp-content\/uploads\/2021\/06\/Dibuxu_Mart\u00edn-110x62.jpeg 110w, https:\/\/www.colegiotremanes.com\/wp-content\/uploads\/2021\/06\/Dibuxu_Mart\u00edn-420x236.jpeg 420w, https:\/\/www.colegiotremanes.com\/wp-content\/uploads\/2021\/06\/Dibuxu_Mart\u00edn-248x138.jpeg 248w, https:\/\/www.colegiotremanes.com\/wp-content\/uploads\/2021\/06\/Dibuxu_Mart\u00edn-765x430.jpeg 765w\" sizes=\"auto, (max-width: 2048px) 100vw, 2048px\" \/><figcaption id=\"caption-attachment-2180\" class=\"wp-caption-text\">Dibujo de Mart\u00edn<\/figcaption><\/figure>\n<figure id=\"attachment_2181\" aria-describedby=\"caption-attachment-2181\" style=\"width: 2048px\" class=\"wp-caption aligncenter\"><img loading=\"lazy\" decoding=\"async\" class=\"wp-image-2181 size-full\" src=\"http:\/\/www.colegiotremanes.com\/wp-content\/uploads\/2021\/06\/Cuentu_Candela.jpeg\" alt=\"\" width=\"2048\" height=\"1151\" srcset=\"https:\/\/www.colegiotremanes.com\/wp-content\/uploads\/2021\/06\/Cuentu_Candela.jpeg 2048w, https:\/\/www.colegiotremanes.com\/wp-content\/uploads\/2021\/06\/Cuentu_Candela-300x169.jpeg 300w, https:\/\/www.colegiotremanes.com\/wp-content\/uploads\/2021\/06\/Cuentu_Candela-1024x576.jpeg 1024w, https:\/\/www.colegiotremanes.com\/wp-content\/uploads\/2021\/06\/Cuentu_Candela-768x432.jpeg 768w, https:\/\/www.colegiotremanes.com\/wp-content\/uploads\/2021\/06\/Cuentu_Candela-1536x863.jpeg 1536w, https:\/\/www.colegiotremanes.com\/wp-content\/uploads\/2021\/06\/Cuentu_Candela-110x62.jpeg 110w, https:\/\/www.colegiotremanes.com\/wp-content\/uploads\/2021\/06\/Cuentu_Candela-420x236.jpeg 420w, https:\/\/www.colegiotremanes.com\/wp-content\/uploads\/2021\/06\/Cuentu_Candela-248x138.jpeg 248w, https:\/\/www.colegiotremanes.com\/wp-content\/uploads\/2021\/06\/Cuentu_Candela-765x430.jpeg 765w\" sizes=\"auto, (max-width: 2048px) 100vw, 2048px\" \/><figcaption id=\"caption-attachment-2181\" class=\"wp-caption-text\">Cuento de Candela<\/figcaption><\/figure>\n","protected":false},"excerpt":{"rendered":"<p>Nuestros proyectos medioambientales, centrados en la vida de los insectos; y el inter\u00e9s de las familias y el talento del alumnado ha dado sus frutos. Tres de nuestros alumnos han resultado galardonados con los premios Cuentos y Dibujos del Medio Ambiente que cada a\u00f1o otorga el Ayuntamiento de Gij\u00f3n\/Xix\u00f3n, a trav\u00e9s del Jard\u00edn Bot\u00e1nico Atl\u00e1ntico. [&hellip;]<\/p>\n","protected":false},"author":1,"featured_media":2179,"comment_status":"open","ping_status":"open","sticky":false,"template":"","format":"standard","meta":{"footnotes":""},"categories":[18,7,5],"tags":[9,266,313,312,25,27],"class_list":["post-2178","post","type-post","status-publish","format-standard","has-post-thumbnail","hentry","category-noticias-y-novedades","category-premios","category-proyectos","tag-colegio-tremanes","tag-insectos","tag-jardin-botanico-ayuntamiento-de-xixon","tag-premios-maedio-ambiente","tag-trabajo-por-proyectos","tag-tremanes"],"_links":{"self":[{"href":"https:\/\/www.colegiotremanes.com\/index.php?rest_route=\/wp\/v2\/posts\/2178","targetHints":{"allow":["GET"]}}],"collection":[{"href":"https:\/\/www.colegiotremanes.com\/index.php?rest_route=\/wp\/v2\/posts"}],"about":[{"href":"https:\/\/www.colegiotremanes.com\/index.php?rest_route=\/wp\/v2\/types\/post"}],"author":[{"embeddable":true,"href":"https:\/\/www.colegiotremanes.com\/index.php?rest_route=\/wp\/v2\/users\/1"}],"replies":[{"embeddable":true,"href":"https:\/\/www.colegiotremanes.com\/index.php?rest_route=%2Fwp%2Fv2%2Fcomments&post=2178"}],"version-history":[{"count":1,"href":"https:\/\/www.colegiotremanes.com\/index.php?rest_route=\/wp\/v2\/posts\/2178\/revisions"}],"predecessor-version":[{"id":2182,"href":"https:\/\/www.colegiotremanes.com\/index.php?rest_route=\/wp\/v2\/posts\/2178\/revisions\/2182"}],"wp:featuredmedia":[{"embeddable":true,"href":"https:\/\/www.colegiotremanes.com\/index.php?rest_route=\/wp\/v2\/media\/2179"}],"wp:attachment":[{"href":"https:\/\/www.colegiotremanes.com\/index.php?rest_route=%2Fwp%2Fv2%2Fmedia&parent=2178"}],"wp:term":[{"taxonomy":"category","embeddable":true,"href":"https:\/\/www.colegiotremanes.com\/index.php?rest_route=%2Fwp%2Fv2%2Fcategories&post=2178"},{"taxonomy":"post_tag","embeddable":true,"href":"https:\/\/www.colegiotremanes.com\/index.php?rest_route=%2Fwp%2Fv2%2Ftags&post=2178"}],"curies":[{"name":"wp","href":"https:\/\/api.w.org\/{rel}","templated":true}]}}