{"id":1825,"date":"2020-07-30T12:34:15","date_gmt":"2020-07-30T12:34:15","guid":{"rendered":"http:\/\/www.colegiotremanes.com\/?p=1825"},"modified":"2020-08-03T10:59:57","modified_gmt":"2020-08-03T10:59:57","slug":"becas-ayuntamiento","status":"publish","type":"post","link":"https:\/\/www.colegiotremanes.com\/?p=1825","title":{"rendered":"Becas Ayuntamiento"},"content":{"rendered":"<p>Buenos d\u00edas familias,<\/p>\n<p>Os adjuntamos informaci\u00f3n sobre las becas del Ayuntamiento. Os contamos los escenarios existentes:<\/p>\n<ul>\n<li><strong>Aquellos alumnos\/as que fueran beneficiarios de la beca de comedor\/atenci\u00f3n temprana el curso pasado,\u00a0<\/strong>deber\u00e1n entregar un anexo de declaraci\u00f3n responsable en cualquiera de los registros municipales\u00a0<strong>antes del 30 de septiembre y se renuevan autom\u00e1ticamente.\u00a0<\/strong>(Por lo que podemos dejarlo para la vuelta de vacaciones, si alguno necesita ayuda). En todo caso, os lo adjunto por aqu\u00ed por si quer\u00e9is ir adelant\u00e1ndolo.<\/li>\n<\/ul>\n<p style=\"text-align: center\">\u00a0 \u00a0 \u00a0 \u00a0 \u00a0 \u00a0 \u00a0 \u00a0 \u00a0 \u00a0 \u00a0 <a href=\"http:\/\/www.colegiotremanes.com\/wp-content\/uploads\/2020\/07\/BECA-COMEDOR.pdf\">BECA COMEDOR<\/a>\u00a0 \u00a0 \u00a0 \u00a0 \u00a0 \u00a0 \u00a0 \u00a0 <a href=\"http:\/\/www.colegiotremanes.com\/wp-content\/uploads\/2020\/07\/ATENCI\u00d3N-TEMPRANA.pdf\">ATENCI\u00d3N TEMPRANA<\/a><\/p>\n<ul>\n<li>Aquellos alumnos\/as que\u00a0<strong>no hayan tenido beca y quieran solicitarla, deben entregar el anexo de solicitud de ayudas\u00a0<\/strong>(que os adjunto) entre el d\u00eda\u00a0<strong>29 de julio y el 17 de agosto.\u00a0<\/strong>Los alumnos que repitan 6\u00ba de ed. primaria y quieran solicitarla, deber\u00e1n hacerlo por este procedimiento, as\u00ed como los que empiezan en 3 a\u00f1os de Ed. Infantil. <strong>\u00a0 \u00a0 \u00a0 \u00a0 <\/strong><\/li>\n<li><strong><a href=\"http:\/\/www.colegiotremanes.com\/wp-content\/uploads\/2020\/07\/Convocatoria-de-ayudas-en-el-\u00e1mbito-escolar.pdf\">Convocatoria de ayudas en el \u00e1mbito escolar<\/a>\u00a0 \u00a0 \u00a0 \u00a0 <\/strong><\/li>\n<li><strong>\u00a0<\/strong><strong><a href=\"http:\/\/www.colegiotremanes.com\/wp-content\/uploads\/2020\/07\/03.24-Modelo-Ayudas-ambito-escolar-20-21.pdf\">03.24 Modelo Ayudas ambito escolar 20 21 (pdf editable)<\/a><\/strong><\/li>\n<li><a href=\"http:\/\/www.colegiotremanes.com\/wp-content\/uploads\/2020\/07\/03.24-Modelo-Ayudas-ambito-escolar-20-21-1.pdf\">03.24-Modelo-Ayudas-ambito-escolar-20-21<\/a> (pdf para imprimir)<\/li>\n<\/ul>\n<ul>\n<li><strong>Respecto a las becas de material (tanto de infantil como de primaria) ser\u00e1n concedidas directamente para aquellos alumnos\/as que tengan pr\u00f3rroga de las becas de las becas de comedor.\u00a0<\/strong>Como NOVEDAD, los vales ser\u00e1n remitidos a los domicilios de los beneficiarios\/as mediante correo certificado con acuse de recibo.<\/li>\n<li>El alumnado NUEVO en el centro (infantil de 3 a\u00f1os) que quiera solicitar la beca de material, deber\u00e1 preguntar en cualquiera de los registros municipales, ya que en las convocatorias que nos han llegado al centro no se hace menci\u00f3n a esta casu\u00edstica.<\/li>\n<\/ul>\n<p>Cualquier cuesti\u00f3n sobre la que teng\u00e1is dudas, pod\u00e9is escribir un correo a tremanes@educastur.org<\/p>\n<p>Un saludo y \u00a1buen verano!<\/p>\n<p>CP TREMA\u00d1ES<\/p>\n<p><img loading=\"lazy\" decoding=\"async\" class=\"size-full wp-image-1826 aligncenter\" src=\"http:\/\/www.colegiotremanes.com\/wp-content\/uploads\/2020\/07\/becas-ayuntamiento.jpg\" alt=\"\" width=\"532\" height=\"318\" srcset=\"https:\/\/www.colegiotremanes.com\/wp-content\/uploads\/2020\/07\/becas-ayuntamiento.jpg 532w, https:\/\/www.colegiotremanes.com\/wp-content\/uploads\/2020\/07\/becas-ayuntamiento-300x179.jpg 300w, https:\/\/www.colegiotremanes.com\/wp-content\/uploads\/2020\/07\/becas-ayuntamiento-110x66.jpg 110w, https:\/\/www.colegiotremanes.com\/wp-content\/uploads\/2020\/07\/becas-ayuntamiento-420x251.jpg 420w\" sizes=\"auto, (max-width: 532px) 100vw, 532px\" \/><\/p>\n","protected":false},"excerpt":{"rendered":"<p>Buenos d\u00edas familias, Os adjuntamos informaci\u00f3n sobre las becas del Ayuntamiento. Os contamos los escenarios existentes: Aquellos alumnos\/as que fueran beneficiarios de la beca de comedor\/atenci\u00f3n temprana el curso pasado,\u00a0deber\u00e1n entregar un anexo de declaraci\u00f3n responsable en cualquiera de los registros municipales\u00a0antes del 30 de septiembre y se renuevan autom\u00e1ticamente.\u00a0(Por lo que podemos dejarlo para [&hellip;]<\/p>\n","protected":false},"author":8,"featured_media":1826,"comment_status":"open","ping_status":"open","sticky":false,"template":"","format":"standard","meta":{"footnotes":""},"categories":[18],"tags":[79,56,77,236,181],"class_list":["post-1825","post","type-post","status-publish","format-standard","has-post-thumbnail","hentry","category-noticias-y-novedades","tag-ayuntamiento","tag-becas","tag-comedor","tag-curso-20-21","tag-desayunos"],"_links":{"self":[{"href":"https:\/\/www.colegiotremanes.com\/index.php?rest_route=\/wp\/v2\/posts\/1825","targetHints":{"allow":["GET"]}}],"collection":[{"href":"https:\/\/www.colegiotremanes.com\/index.php?rest_route=\/wp\/v2\/posts"}],"about":[{"href":"https:\/\/www.colegiotremanes.com\/index.php?rest_route=\/wp\/v2\/types\/post"}],"author":[{"embeddable":true,"href":"https:\/\/www.colegiotremanes.com\/index.php?rest_route=\/wp\/v2\/users\/8"}],"replies":[{"embeddable":true,"href":"https:\/\/www.colegiotremanes.com\/index.php?rest_route=%2Fwp%2Fv2%2Fcomments&post=1825"}],"version-history":[{"count":3,"href":"https:\/\/www.colegiotremanes.com\/index.php?rest_route=\/wp\/v2\/posts\/1825\/revisions"}],"predecessor-version":[{"id":1834,"href":"https:\/\/www.colegiotremanes.com\/index.php?rest_route=\/wp\/v2\/posts\/1825\/revisions\/1834"}],"wp:featuredmedia":[{"embeddable":true,"href":"https:\/\/www.colegiotremanes.com\/index.php?rest_route=\/wp\/v2\/media\/1826"}],"wp:attachment":[{"href":"https:\/\/www.colegiotremanes.com\/index.php?rest_route=%2Fwp%2Fv2%2Fmedia&parent=1825"}],"wp:term":[{"taxonomy":"category","embeddable":true,"href":"https:\/\/www.colegiotremanes.com\/index.php?rest_route=%2Fwp%2Fv2%2Fcategories&post=1825"},{"taxonomy":"post_tag","embeddable":true,"href":"https:\/\/www.colegiotremanes.com\/index.php?rest_route=%2Fwp%2Fv2%2Ftags&post=1825"}],"curies":[{"name":"wp","href":"https:\/\/api.w.org\/{rel}","templated":true}]}}