{"id":1318,"date":"2020-03-03T11:16:10","date_gmt":"2020-03-03T11:16:10","guid":{"rendered":"http:\/\/www.colegiotremanes.com\/?p=1318"},"modified":"2020-03-03T11:16:19","modified_gmt":"2020-03-03T11:16:19","slug":"periodistas-en-nuestro-centro","status":"publish","type":"post","link":"https:\/\/www.colegiotremanes.com\/?p=1318","title":{"rendered":"Periodistas en nuestro centro"},"content":{"rendered":"<h4>A lo largo de las \u00faltimas semanas ya estamos recibiendo las primeras visitas de periodistas, profesionales de la comunicaci\u00f3n que nos comentan en qu\u00e9 consiste su trabajo.<\/h4>\n<h4>En concreto el alumnado de Primero y Segundo recibi\u00f3 la pasada semana la visita de la periodista deportiva Bea Otero, y por su parte el alumnado de Tercero tuvo la oportunidad de hablar con Dami\u00e1n Barreiro, redactor de la agencia de noticias Europa Press.<\/h4>\n<figure id=\"attachment_1322\" aria-describedby=\"caption-attachment-1322\" style=\"width: 3262px\" class=\"wp-caption aligncenter\"><img loading=\"lazy\" decoding=\"async\" class=\"size-full wp-image-1322\" src=\"http:\/\/www.colegiotremanes.com\/wp-content\/uploads\/2020\/03\/20200226_092349-1.jpg\" alt=\"\" width=\"3262\" height=\"2047\" srcset=\"https:\/\/www.colegiotremanes.com\/wp-content\/uploads\/2020\/03\/20200226_092349-1.jpg 3262w, https:\/\/www.colegiotremanes.com\/wp-content\/uploads\/2020\/03\/20200226_092349-1-300x188.jpg 300w, https:\/\/www.colegiotremanes.com\/wp-content\/uploads\/2020\/03\/20200226_092349-1-768x482.jpg 768w, https:\/\/www.colegiotremanes.com\/wp-content\/uploads\/2020\/03\/20200226_092349-1-110x69.jpg 110w, https:\/\/www.colegiotremanes.com\/wp-content\/uploads\/2020\/03\/20200226_092349-1-420x264.jpg 420w, https:\/\/www.colegiotremanes.com\/wp-content\/uploads\/2020\/03\/20200226_092349-1-685x430.jpg 685w\" sizes=\"auto, (max-width: 3262px) 100vw, 3262px\" \/><figcaption id=\"caption-attachment-1322\" class=\"wp-caption-text\">La periodista Bea Otero con las clases de Segundo.<\/figcaption><\/figure>\n<figure id=\"attachment_1323\" aria-describedby=\"caption-attachment-1323\" style=\"width: 2036px\" class=\"wp-caption aligncenter\"><img loading=\"lazy\" decoding=\"async\" class=\"wp-image-1323 size-full\" src=\"http:\/\/www.colegiotremanes.com\/wp-content\/uploads\/2020\/03\/20200302_101551-1.jpg\" alt=\"\" width=\"2036\" height=\"1355\" srcset=\"https:\/\/www.colegiotremanes.com\/wp-content\/uploads\/2020\/03\/20200302_101551-1.jpg 2036w, https:\/\/www.colegiotremanes.com\/wp-content\/uploads\/2020\/03\/20200302_101551-1-300x200.jpg 300w, https:\/\/www.colegiotremanes.com\/wp-content\/uploads\/2020\/03\/20200302_101551-1-768x511.jpg 768w, https:\/\/www.colegiotremanes.com\/wp-content\/uploads\/2020\/03\/20200302_101551-1-1024x681.jpg 1024w, https:\/\/www.colegiotremanes.com\/wp-content\/uploads\/2020\/03\/20200302_101551-1-110x73.jpg 110w, https:\/\/www.colegiotremanes.com\/wp-content\/uploads\/2020\/03\/20200302_101551-1-420x280.jpg 420w, https:\/\/www.colegiotremanes.com\/wp-content\/uploads\/2020\/03\/20200302_101551-1-646x430.jpg 646w\" sizes=\"auto, (max-width: 2036px) 100vw, 2036px\" \/><figcaption id=\"caption-attachment-1323\" class=\"wp-caption-text\">Dami\u00e1n Barreiro, con el alumnado de Tercero.<\/figcaption><\/figure>\n","protected":false},"excerpt":{"rendered":"<p>A lo largo de las \u00faltimas semanas ya estamos recibiendo las primeras visitas de periodistas, profesionales de la comunicaci\u00f3n que nos comentan en qu\u00e9 consiste su trabajo. En concreto el alumnado de Primero y Segundo recibi\u00f3 la pasada semana la visita de la periodista deportiva Bea Otero, y por su parte el alumnado de Tercero [&hellip;]<\/p>\n","protected":false},"author":1,"featured_media":1322,"comment_status":"open","ping_status":"open","sticky":false,"template":"","format":"standard","meta":{"footnotes":""},"categories":[114,18,5],"tags":[215,216,27,210],"class_list":["post-1318","post","type-post","status-publish","format-standard","has-post-thumbnail","hentry","category-actividades-complementarias","category-noticias-y-novedades","category-proyectos","tag-bea-otero","tag-damian-barreiro","tag-tremanes","tag-tremanes-plato"],"_links":{"self":[{"href":"https:\/\/www.colegiotremanes.com\/index.php?rest_route=\/wp\/v2\/posts\/1318","targetHints":{"allow":["GET"]}}],"collection":[{"href":"https:\/\/www.colegiotremanes.com\/index.php?rest_route=\/wp\/v2\/posts"}],"about":[{"href":"https:\/\/www.colegiotremanes.com\/index.php?rest_route=\/wp\/v2\/types\/post"}],"author":[{"embeddable":true,"href":"https:\/\/www.colegiotremanes.com\/index.php?rest_route=\/wp\/v2\/users\/1"}],"replies":[{"embeddable":true,"href":"https:\/\/www.colegiotremanes.com\/index.php?rest_route=%2Fwp%2Fv2%2Fcomments&post=1318"}],"version-history":[{"count":3,"href":"https:\/\/www.colegiotremanes.com\/index.php?rest_route=\/wp\/v2\/posts\/1318\/revisions"}],"predecessor-version":[{"id":1325,"href":"https:\/\/www.colegiotremanes.com\/index.php?rest_route=\/wp\/v2\/posts\/1318\/revisions\/1325"}],"wp:featuredmedia":[{"embeddable":true,"href":"https:\/\/www.colegiotremanes.com\/index.php?rest_route=\/wp\/v2\/media\/1322"}],"wp:attachment":[{"href":"https:\/\/www.colegiotremanes.com\/index.php?rest_route=%2Fwp%2Fv2%2Fmedia&parent=1318"}],"wp:term":[{"taxonomy":"category","embeddable":true,"href":"https:\/\/www.colegiotremanes.com\/index.php?rest_route=%2Fwp%2Fv2%2Fcategories&post=1318"},{"taxonomy":"post_tag","embeddable":true,"href":"https:\/\/www.colegiotremanes.com\/index.php?rest_route=%2Fwp%2Fv2%2Ftags&post=1318"}],"curies":[{"name":"wp","href":"https:\/\/api.w.org\/{rel}","templated":true}]}}