{"id":1268,"date":"2019-12-19T10:35:16","date_gmt":"2019-12-19T10:35:16","guid":{"rendered":"http:\/\/www.colegiotremanes.com\/?p=1268"},"modified":"2019-12-19T10:35:16","modified_gmt":"2019-12-19T10:35:16","slug":"tremanes-recoge-su-sello-educativo-emprendedor","status":"publish","type":"post","link":"https:\/\/www.colegiotremanes.com\/?p=1268","title":{"rendered":"Trema\u00f1es recoge su sello educativo emprendedor"},"content":{"rendered":"<p>Este mi\u00e9rcoles 19 de diciembre una representaci\u00f3n de 50 alumnos y alumnas del centro asistieron al hotel Reconquista a la entrega del <a href=\"https:\/\/www.educastur.es\/-\/sello-centro-educativo-emprendedor-\">Sello Educativo Emprendedor<\/a>, con el que fue galardonado nuestro centro.<\/p>\n<figure id=\"attachment_1270\" aria-describedby=\"caption-attachment-1270\" style=\"width: 2805px\" class=\"wp-caption aligncenter\"><img loading=\"lazy\" decoding=\"async\" class=\"wp-image-1270 size-full\" src=\"http:\/\/www.colegiotremanes.com\/wp-content\/uploads\/2019\/12\/Sello_General.jpg\" alt=\"\" width=\"2805\" height=\"1960\" srcset=\"https:\/\/www.colegiotremanes.com\/wp-content\/uploads\/2019\/12\/Sello_General.jpg 2805w, https:\/\/www.colegiotremanes.com\/wp-content\/uploads\/2019\/12\/Sello_General-300x210.jpg 300w, https:\/\/www.colegiotremanes.com\/wp-content\/uploads\/2019\/12\/Sello_General-768x537.jpg 768w, https:\/\/www.colegiotremanes.com\/wp-content\/uploads\/2019\/12\/Sello_General-1024x716.jpg 1024w, https:\/\/www.colegiotremanes.com\/wp-content\/uploads\/2019\/12\/Sello_General-110x77.jpg 110w, https:\/\/www.colegiotremanes.com\/wp-content\/uploads\/2019\/12\/Sello_General-420x293.jpg 420w, https:\/\/www.colegiotremanes.com\/wp-content\/uploads\/2019\/12\/Sello_General-615x430.jpg 615w\" sizes=\"auto, (max-width: 2805px) 100vw, 2805px\" \/><figcaption id=\"caption-attachment-1270\" class=\"wp-caption-text\">Alumnado asistente, de los diferentes centros, en el hall del Reconquista.<\/figcaption><\/figure>\n","protected":false},"excerpt":{"rendered":"<p>Este mi\u00e9rcoles 19 de diciembre una representaci\u00f3n de 50 alumnos y alumnas del centro asistieron al hotel Reconquista a la entrega del Sello Educativo Emprendedor, con el que fue galardonado nuestro centro.<\/p>\n","protected":false},"author":1,"featured_media":1270,"comment_status":"open","ping_status":"open","sticky":false,"template":"","format":"standard","meta":{"footnotes":""},"categories":[114,17,18,7],"tags":[9,198,27],"class_list":["post-1268","post","type-post","status-publish","format-standard","has-post-thumbnail","hentry","category-actividades-complementarias","category-innovacion-educativa","category-noticias-y-novedades","category-premios","tag-colegio-tremanes","tag-sello-educativo-emprendedor","tag-tremanes"],"_links":{"self":[{"href":"https:\/\/www.colegiotremanes.com\/index.php?rest_route=\/wp\/v2\/posts\/1268","targetHints":{"allow":["GET"]}}],"collection":[{"href":"https:\/\/www.colegiotremanes.com\/index.php?rest_route=\/wp\/v2\/posts"}],"about":[{"href":"https:\/\/www.colegiotremanes.com\/index.php?rest_route=\/wp\/v2\/types\/post"}],"author":[{"embeddable":true,"href":"https:\/\/www.colegiotremanes.com\/index.php?rest_route=\/wp\/v2\/users\/1"}],"replies":[{"embeddable":true,"href":"https:\/\/www.colegiotremanes.com\/index.php?rest_route=%2Fwp%2Fv2%2Fcomments&post=1268"}],"version-history":[{"count":1,"href":"https:\/\/www.colegiotremanes.com\/index.php?rest_route=\/wp\/v2\/posts\/1268\/revisions"}],"predecessor-version":[{"id":1271,"href":"https:\/\/www.colegiotremanes.com\/index.php?rest_route=\/wp\/v2\/posts\/1268\/revisions\/1271"}],"wp:featuredmedia":[{"embeddable":true,"href":"https:\/\/www.colegiotremanes.com\/index.php?rest_route=\/wp\/v2\/media\/1270"}],"wp:attachment":[{"href":"https:\/\/www.colegiotremanes.com\/index.php?rest_route=%2Fwp%2Fv2%2Fmedia&parent=1268"}],"wp:term":[{"taxonomy":"category","embeddable":true,"href":"https:\/\/www.colegiotremanes.com\/index.php?rest_route=%2Fwp%2Fv2%2Fcategories&post=1268"},{"taxonomy":"post_tag","embeddable":true,"href":"https:\/\/www.colegiotremanes.com\/index.php?rest_route=%2Fwp%2Fv2%2Ftags&post=1268"}],"curies":[{"name":"wp","href":"https:\/\/api.w.org\/{rel}","templated":true}]}}