{"id":1238,"date":"2019-11-18T09:59:02","date_gmt":"2019-11-18T09:59:02","guid":{"rendered":"http:\/\/www.colegiotremanes.com\/?p=1238"},"modified":"2019-11-19T10:08:53","modified_gmt":"2019-11-19T10:08:53","slug":"nuestro-colegio-obtiene-el-sello-educativo-emprendedor","status":"publish","type":"post","link":"https:\/\/www.colegiotremanes.com\/?p=1238","title":{"rendered":"Nuestro colegio obtiene el Sello Educativo Emprendedor"},"content":{"rendered":"<h4><img loading=\"lazy\" decoding=\"async\" class=\"alignleft wp-image-1239 size-islemag_square_pop_up\" src=\"http:\/\/www.colegiotremanes.com\/wp-content\/uploads\/2019\/11\/Sello_Educativo_Emprendedor-250x250.jpg\" alt=\"\" width=\"250\" height=\"250\" srcset=\"https:\/\/www.colegiotremanes.com\/wp-content\/uploads\/2019\/11\/Sello_Educativo_Emprendedor-250x250.jpg 250w, https:\/\/www.colegiotremanes.com\/wp-content\/uploads\/2019\/11\/Sello_Educativo_Emprendedor-150x150.jpg 150w, https:\/\/www.colegiotremanes.com\/wp-content\/uploads\/2019\/11\/Sello_Educativo_Emprendedor-125x125.jpg 125w, https:\/\/www.colegiotremanes.com\/wp-content\/uploads\/2019\/11\/Sello_Educativo_Emprendedor-110x110.jpg 110w, https:\/\/www.colegiotremanes.com\/wp-content\/uploads\/2019\/11\/Sello_Educativo_Emprendedor-420x420.jpg 420w\" sizes=\"auto, (max-width: 250px) 100vw, 250px\" \/>La consejer\u00eda de Educaci\u00f3n <a href=\"https:\/\/www.educastur.es\/-\/sello-centro-educativo-emprendedor-centros-galardonados?redirect=https%3A%2F%2Fwww.educastur.es%2Finicio%3Fp_p_id%3D101_INSTANCE_sI4HTlJn1Vwf%26p_p_lifecycle%3D0%26p_p_state%3Dnormal%26p_p_mode%3Dview%26p_p_col_id%3Dcolumn-1%26p_p_col_pos%3D1%26p_p_col_count%3D4\">ha concedido a nuestro colegio el Sello Educativo Emprendedor<\/a>, un reconocimiento que nada m\u00e1s ha sido otorgado a otros siete centros en Asturias, y que premia el trabajo por el emprendimiento, la innovaci\u00f3n, la inclusi\u00f3n y la sostenibilidad en la tarea educativa.<\/h4>\n<h4>Referencias en la prensa:<\/h4>\n<h4>LNE (16.11.2019): \u00ab<a href=\"https:\/\/www.lne.es\/cuencas\/2019\/11\/16\/siete-centros-obtienen-sello-educativo\/2558890.html\">Siete centros obtienen el sello educativo emprendedor<\/a>\u00ab.<\/h4>\n<h4>LNE (15.11.2019): \u00ab<a href=\"https:\/\/www.lne.es\/cuencas\/2019\/11\/15\/principado-premia-siete-centros-sello\/2558622.html\">El Principado premia a siete centros con el Sello Educativo Emprendedor<\/a>\u00ab.<\/h4>\n<p>&nbsp;<\/p>\n","protected":false},"excerpt":{"rendered":"<p>La consejer\u00eda de Educaci\u00f3n ha concedido a nuestro colegio el Sello Educativo Emprendedor, un reconocimiento que nada m\u00e1s ha sido otorgado a otros siete centros en Asturias, y que premia el trabajo por el emprendimiento, la innovaci\u00f3n, la inclusi\u00f3n y la sostenibilidad en la tarea educativa. Referencias en la prensa: LNE (16.11.2019): \u00abSiete centros obtienen [&hellip;]<\/p>\n","protected":false},"author":1,"featured_media":1239,"comment_status":"open","ping_status":"open","sticky":false,"template":"","format":"standard","meta":{"footnotes":""},"categories":[17,18,7],"tags":[9,198,27],"class_list":["post-1238","post","type-post","status-publish","format-standard","has-post-thumbnail","hentry","category-innovacion-educativa","category-noticias-y-novedades","category-premios","tag-colegio-tremanes","tag-sello-educativo-emprendedor","tag-tremanes"],"_links":{"self":[{"href":"https:\/\/www.colegiotremanes.com\/index.php?rest_route=\/wp\/v2\/posts\/1238","targetHints":{"allow":["GET"]}}],"collection":[{"href":"https:\/\/www.colegiotremanes.com\/index.php?rest_route=\/wp\/v2\/posts"}],"about":[{"href":"https:\/\/www.colegiotremanes.com\/index.php?rest_route=\/wp\/v2\/types\/post"}],"author":[{"embeddable":true,"href":"https:\/\/www.colegiotremanes.com\/index.php?rest_route=\/wp\/v2\/users\/1"}],"replies":[{"embeddable":true,"href":"https:\/\/www.colegiotremanes.com\/index.php?rest_route=%2Fwp%2Fv2%2Fcomments&post=1238"}],"version-history":[{"count":2,"href":"https:\/\/www.colegiotremanes.com\/index.php?rest_route=\/wp\/v2\/posts\/1238\/revisions"}],"predecessor-version":[{"id":1241,"href":"https:\/\/www.colegiotremanes.com\/index.php?rest_route=\/wp\/v2\/posts\/1238\/revisions\/1241"}],"wp:featuredmedia":[{"embeddable":true,"href":"https:\/\/www.colegiotremanes.com\/index.php?rest_route=\/wp\/v2\/media\/1239"}],"wp:attachment":[{"href":"https:\/\/www.colegiotremanes.com\/index.php?rest_route=%2Fwp%2Fv2%2Fmedia&parent=1238"}],"wp:term":[{"taxonomy":"category","embeddable":true,"href":"https:\/\/www.colegiotremanes.com\/index.php?rest_route=%2Fwp%2Fv2%2Fcategories&post=1238"},{"taxonomy":"post_tag","embeddable":true,"href":"https:\/\/www.colegiotremanes.com\/index.php?rest_route=%2Fwp%2Fv2%2Ftags&post=1238"}],"curies":[{"name":"wp","href":"https:\/\/api.w.org\/{rel}","templated":true}]}}