{"id":1232,"date":"2019-11-18T09:48:20","date_gmt":"2019-11-18T09:48:20","guid":{"rendered":"http:\/\/www.colegiotremanes.com\/?p=1232"},"modified":"2019-11-18T09:48:20","modified_gmt":"2019-11-18T09:48:20","slug":"educacion-infantil-pone-musica-a-la-lluvia","status":"publish","type":"post","link":"https:\/\/www.colegiotremanes.com\/?p=1232","title":{"rendered":"Educaci\u00f3n Infantil pone m\u00fasica a la lluvia"},"content":{"rendered":"<h5>A lo largo de este mes de noviembre, y dentro del proyecto que est\u00e1 realizando el alumnado de Educaci\u00f3n Infantil, \u00abHacemos un taller de instrumentos musicales\u00bb, numerosos m\u00fasicos se han acercado hasta nuestro centro para ponerle m\u00fasica a estos d\u00edas grises.<\/h5>\n<h5>Os mostramos a continuaci\u00f3n algunas de ellas:<\/h5>\n<div id='gallery-1' class='gallery galleryid-1232 gallery-columns-2 gallery-size-large'><figure class='gallery-item'>\n\t\t\t<div class='gallery-icon landscape'>\n\t\t\t\t<a href='https:\/\/www.colegiotremanes.com\/?attachment_id=1236'><img loading=\"lazy\" decoding=\"async\" width=\"640\" height=\"480\" src=\"https:\/\/www.colegiotremanes.com\/wp-content\/uploads\/2019\/11\/IMG_20191115_105236-1024x768.jpg\" class=\"attachment-large size-large\" alt=\"\" aria-describedby=\"gallery-1-1236\" srcset=\"https:\/\/www.colegiotremanes.com\/wp-content\/uploads\/2019\/11\/IMG_20191115_105236-1024x768.jpg 1024w, https:\/\/www.colegiotremanes.com\/wp-content\/uploads\/2019\/11\/IMG_20191115_105236-300x225.jpg 300w, https:\/\/www.colegiotremanes.com\/wp-content\/uploads\/2019\/11\/IMG_20191115_105236-768x576.jpg 768w, https:\/\/www.colegiotremanes.com\/wp-content\/uploads\/2019\/11\/IMG_20191115_105236-110x83.jpg 110w, https:\/\/www.colegiotremanes.com\/wp-content\/uploads\/2019\/11\/IMG_20191115_105236-420x315.jpg 420w, https:\/\/www.colegiotremanes.com\/wp-content\/uploads\/2019\/11\/IMG_20191115_105236-573x430.jpg 573w\" sizes=\"auto, (max-width: 640px) 100vw, 640px\" \/><\/a>\n\t\t\t<\/div>\n\t\t\t\t<figcaption class='wp-caption-text gallery-caption' id='gallery-1-1236'>\n\t\t\t\tGrupo de m\u00fasica y baille asturianu Trebeyu.\n\t\t\t\t<\/figcaption><\/figure><figure class='gallery-item'>\n\t\t\t<div class='gallery-icon portrait'>\n\t\t\t\t<a href='https:\/\/www.colegiotremanes.com\/?attachment_id=1235'><img loading=\"lazy\" decoding=\"async\" width=\"640\" height=\"853\" src=\"https:\/\/www.colegiotremanes.com\/wp-content\/uploads\/2019\/11\/IMG_20191114_121647-e1574070412796-768x1024.jpg\" class=\"attachment-large size-large\" alt=\"\" aria-describedby=\"gallery-1-1235\" srcset=\"https:\/\/www.colegiotremanes.com\/wp-content\/uploads\/2019\/11\/IMG_20191114_121647-e1574070412796-768x1024.jpg 768w, https:\/\/www.colegiotremanes.com\/wp-content\/uploads\/2019\/11\/IMG_20191114_121647-e1574070412796-225x300.jpg 225w, https:\/\/www.colegiotremanes.com\/wp-content\/uploads\/2019\/11\/IMG_20191114_121647-e1574070412796-83x110.jpg 83w, https:\/\/www.colegiotremanes.com\/wp-content\/uploads\/2019\/11\/IMG_20191114_121647-e1574070412796-315x420.jpg 315w, https:\/\/www.colegiotremanes.com\/wp-content\/uploads\/2019\/11\/IMG_20191114_121647-e1574070412796-323x430.jpg 323w\" sizes=\"auto, (max-width: 640px) 100vw, 640px\" \/><\/a>\n\t\t\t<\/div>\n\t\t\t\t<figcaption class='wp-caption-text gallery-caption' id='gallery-1-1235'>\n\t\t\t\tDiego Palacio, flautista de los grupos M\u00e4go de Oz y Celtian.\n\t\t\t\t<\/figcaption><\/figure><figure class='gallery-item'>\n\t\t\t<div class='gallery-icon landscape'>\n\t\t\t\t<a href='https:\/\/www.colegiotremanes.com\/?attachment_id=1233'><img loading=\"lazy\" decoding=\"async\" width=\"640\" height=\"480\" src=\"https:\/\/www.colegiotremanes.com\/wp-content\/uploads\/2019\/11\/IMG_20191023_113328-1024x768.jpg\" class=\"attachment-large size-large\" alt=\"\" aria-describedby=\"gallery-1-1233\" srcset=\"https:\/\/www.colegiotremanes.com\/wp-content\/uploads\/2019\/11\/IMG_20191023_113328-1024x768.jpg 1024w, https:\/\/www.colegiotremanes.com\/wp-content\/uploads\/2019\/11\/IMG_20191023_113328-300x225.jpg 300w, https:\/\/www.colegiotremanes.com\/wp-content\/uploads\/2019\/11\/IMG_20191023_113328-768x576.jpg 768w, https:\/\/www.colegiotremanes.com\/wp-content\/uploads\/2019\/11\/IMG_20191023_113328-110x83.jpg 110w, https:\/\/www.colegiotremanes.com\/wp-content\/uploads\/2019\/11\/IMG_20191023_113328-420x315.jpg 420w, https:\/\/www.colegiotremanes.com\/wp-content\/uploads\/2019\/11\/IMG_20191023_113328-573x430.jpg 573w\" sizes=\"auto, (max-width: 640px) 100vw, 640px\" \/><\/a>\n\t\t\t<\/div>\n\t\t\t\t<figcaption class='wp-caption-text gallery-caption' id='gallery-1-1233'>\n\t\t\t\tRoxy, cantando una canci\u00f3n en ingl\u00e9s al alumnado de 5 a\u00f1os.\n\t\t\t\t<\/figcaption><\/figure><figure class='gallery-item'>\n\t\t\t<div class='gallery-icon landscape'>\n\t\t\t\t<a href='https:\/\/www.colegiotremanes.com\/?attachment_id=1234'><img loading=\"lazy\" decoding=\"async\" width=\"640\" height=\"480\" src=\"https:\/\/www.colegiotremanes.com\/wp-content\/uploads\/2019\/11\/IMG_20191029_110015-1024x768.jpg\" class=\"attachment-large size-large\" alt=\"\" aria-describedby=\"gallery-1-1234\" srcset=\"https:\/\/www.colegiotremanes.com\/wp-content\/uploads\/2019\/11\/IMG_20191029_110015-1024x768.jpg 1024w, https:\/\/www.colegiotremanes.com\/wp-content\/uploads\/2019\/11\/IMG_20191029_110015-300x225.jpg 300w, https:\/\/www.colegiotremanes.com\/wp-content\/uploads\/2019\/11\/IMG_20191029_110015-768x576.jpg 768w, https:\/\/www.colegiotremanes.com\/wp-content\/uploads\/2019\/11\/IMG_20191029_110015-110x83.jpg 110w, https:\/\/www.colegiotremanes.com\/wp-content\/uploads\/2019\/11\/IMG_20191029_110015-420x315.jpg 420w, https:\/\/www.colegiotremanes.com\/wp-content\/uploads\/2019\/11\/IMG_20191029_110015-573x430.jpg 573w\" sizes=\"auto, (max-width: 640px) 100vw, 640px\" \/><\/a>\n\t\t\t<\/div>\n\t\t\t\t<figcaption class='wp-caption-text gallery-caption' id='gallery-1-1234'>\n\t\t\t\tCarlos, guitarrista del grupo \u00abLos gatos de Chernobyl\u00bb\n\t\t\t\t<\/figcaption><\/figure>\n\t\t<\/div>\n\n","protected":false},"excerpt":{"rendered":"<p>A lo largo de este mes de noviembre, y dentro del proyecto que est\u00e1 realizando el alumnado de Educaci\u00f3n Infantil, \u00abHacemos un taller de instrumentos musicales\u00bb, numerosos m\u00fasicos se han acercado hasta nuestro centro para ponerle m\u00fasica a estos d\u00edas grises. Os mostramos a continuaci\u00f3n algunas de ellas:<\/p>\n","protected":false},"author":1,"featured_media":1234,"comment_status":"open","ping_status":"open","sticky":false,"template":"","format":"standard","meta":{"footnotes":""},"categories":[114,17,18,5],"tags":[9,196,194,195,191,197,27],"class_list":["post-1232","post","type-post","status-publish","format-standard","has-post-thumbnail","hentry","category-actividades-complementarias","category-innovacion-educativa","category-noticias-y-novedades","category-proyectos","tag-colegio-tremanes","tag-diego-celtian","tag-infantil","tag-instrumentos-musicales","tag-musica","tag-roxy","tag-tremanes"],"_links":{"self":[{"href":"https:\/\/www.colegiotremanes.com\/index.php?rest_route=\/wp\/v2\/posts\/1232","targetHints":{"allow":["GET"]}}],"collection":[{"href":"https:\/\/www.colegiotremanes.com\/index.php?rest_route=\/wp\/v2\/posts"}],"about":[{"href":"https:\/\/www.colegiotremanes.com\/index.php?rest_route=\/wp\/v2\/types\/post"}],"author":[{"embeddable":true,"href":"https:\/\/www.colegiotremanes.com\/index.php?rest_route=\/wp\/v2\/users\/1"}],"replies":[{"embeddable":true,"href":"https:\/\/www.colegiotremanes.com\/index.php?rest_route=%2Fwp%2Fv2%2Fcomments&post=1232"}],"version-history":[{"count":1,"href":"https:\/\/www.colegiotremanes.com\/index.php?rest_route=\/wp\/v2\/posts\/1232\/revisions"}],"predecessor-version":[{"id":1237,"href":"https:\/\/www.colegiotremanes.com\/index.php?rest_route=\/wp\/v2\/posts\/1232\/revisions\/1237"}],"wp:featuredmedia":[{"embeddable":true,"href":"https:\/\/www.colegiotremanes.com\/index.php?rest_route=\/wp\/v2\/media\/1234"}],"wp:attachment":[{"href":"https:\/\/www.colegiotremanes.com\/index.php?rest_route=%2Fwp%2Fv2%2Fmedia&parent=1232"}],"wp:term":[{"taxonomy":"category","embeddable":true,"href":"https:\/\/www.colegiotremanes.com\/index.php?rest_route=%2Fwp%2Fv2%2Fcategories&post=1232"},{"taxonomy":"post_tag","embeddable":true,"href":"https:\/\/www.colegiotremanes.com\/index.php?rest_route=%2Fwp%2Fv2%2Ftags&post=1232"}],"curies":[{"name":"wp","href":"https:\/\/api.w.org\/{rel}","templated":true}]}}