{"id":1227,"date":"2019-11-08T11:38:44","date_gmt":"2019-11-08T11:38:44","guid":{"rendered":"http:\/\/www.colegiotremanes.com\/?p=1227"},"modified":"2019-11-08T11:38:44","modified_gmt":"2019-11-08T11:38:44","slug":"pesar-entre-nuestra-comunidad-educativa-por-el-fallecimiento-de-margarita-salas","status":"publish","type":"post","link":"https:\/\/www.colegiotremanes.com\/?p=1227","title":{"rendered":"Pesar entre nuestra comunidad educativa por el fallecimiento de Margarita Salas"},"content":{"rendered":"<figure id=\"attachment_1228\" aria-describedby=\"caption-attachment-1228\" style=\"width: 827px\" class=\"wp-caption aligncenter\"><img loading=\"lazy\" decoding=\"async\" class=\"size-full wp-image-1228\" src=\"http:\/\/www.colegiotremanes.com\/wp-content\/uploads\/2019\/11\/Trema\u00f1es_MargaritaSalas.jpg\" alt=\"\" width=\"827\" height=\"580\" srcset=\"https:\/\/www.colegiotremanes.com\/wp-content\/uploads\/2019\/11\/Trema\u00f1es_MargaritaSalas.jpg 827w, https:\/\/www.colegiotremanes.com\/wp-content\/uploads\/2019\/11\/Trema\u00f1es_MargaritaSalas-300x210.jpg 300w, https:\/\/www.colegiotremanes.com\/wp-content\/uploads\/2019\/11\/Trema\u00f1es_MargaritaSalas-768x539.jpg 768w, https:\/\/www.colegiotremanes.com\/wp-content\/uploads\/2019\/11\/Trema\u00f1es_MargaritaSalas-110x77.jpg 110w, https:\/\/www.colegiotremanes.com\/wp-content\/uploads\/2019\/11\/Trema\u00f1es_MargaritaSalas-420x295.jpg 420w, https:\/\/www.colegiotremanes.com\/wp-content\/uploads\/2019\/11\/Trema\u00f1es_MargaritaSalas-613x430.jpg 613w\" sizes=\"auto, (max-width: 827px) 100vw, 827px\" \/><figcaption id=\"caption-attachment-1228\" class=\"wp-caption-text\">Margarita Salas junto a la presidenta del CSIC, Rosa Men\u00e9ndez; el entonces consejero, Genaro Alonso; y el director de nuestro colegio, Maxi Mar\u00edn.<\/figcaption><\/figure>\n<h4>Sentimiento agridulce recorre las instalaciones de nuestro colegio. Muy contentos por el <a href=\"http:\/\/www.colegiotremanes.com\/?p=1215\">Primer Premio de SIMO<\/a>, pero profundo pesar por el fallecimiento de D\u00aa Margarita Salas, que tuvo gran protagonismo en el desarrollo del proyecto \u00abAda Byron y el secreto club de los inventos\u00bb, y que con enorme generosidad accedi\u00f3 a venir a nuestro colegio.<\/h4>\n<h4>Durante esta ma\u00f1ana hemos realizado, con una peque\u00f1a representaci\u00f3n de alumnado y profesorado, un minuto de silencio por la cient\u00edfica en el hall del centro.<\/h4>\n<h4>Siempre nos quedaremos con todo lo bueno que nos aport\u00f3, y con el aula de experimentaci\u00f3n cient\u00edfica que ella inaugur\u00f3 y lleva su nombre.<\/h4>\n","protected":false},"excerpt":{"rendered":"<p>Sentimiento agridulce recorre las instalaciones de nuestro colegio. Muy contentos por el Primer Premio de SIMO, pero profundo pesar por el fallecimiento de D\u00aa Margarita Salas, que tuvo gran protagonismo en el desarrollo del proyecto \u00abAda Byron y el secreto club de los inventos\u00bb, y que con enorme generosidad accedi\u00f3 a venir a nuestro colegio. [&hellip;]<\/p>\n","protected":false},"author":1,"featured_media":1228,"comment_status":"open","ping_status":"open","sticky":false,"template":"","format":"standard","meta":{"footnotes":""},"categories":[18,5],"tags":[9,161,27],"class_list":["post-1227","post","type-post","status-publish","format-standard","has-post-thumbnail","hentry","category-noticias-y-novedades","category-proyectos","tag-colegio-tremanes","tag-margarita-salas","tag-tremanes"],"_links":{"self":[{"href":"https:\/\/www.colegiotremanes.com\/index.php?rest_route=\/wp\/v2\/posts\/1227","targetHints":{"allow":["GET"]}}],"collection":[{"href":"https:\/\/www.colegiotremanes.com\/index.php?rest_route=\/wp\/v2\/posts"}],"about":[{"href":"https:\/\/www.colegiotremanes.com\/index.php?rest_route=\/wp\/v2\/types\/post"}],"author":[{"embeddable":true,"href":"https:\/\/www.colegiotremanes.com\/index.php?rest_route=\/wp\/v2\/users\/1"}],"replies":[{"embeddable":true,"href":"https:\/\/www.colegiotremanes.com\/index.php?rest_route=%2Fwp%2Fv2%2Fcomments&post=1227"}],"version-history":[{"count":1,"href":"https:\/\/www.colegiotremanes.com\/index.php?rest_route=\/wp\/v2\/posts\/1227\/revisions"}],"predecessor-version":[{"id":1229,"href":"https:\/\/www.colegiotremanes.com\/index.php?rest_route=\/wp\/v2\/posts\/1227\/revisions\/1229"}],"wp:featuredmedia":[{"embeddable":true,"href":"https:\/\/www.colegiotremanes.com\/index.php?rest_route=\/wp\/v2\/media\/1228"}],"wp:attachment":[{"href":"https:\/\/www.colegiotremanes.com\/index.php?rest_route=%2Fwp%2Fv2%2Fmedia&parent=1227"}],"wp:term":[{"taxonomy":"category","embeddable":true,"href":"https:\/\/www.colegiotremanes.com\/index.php?rest_route=%2Fwp%2Fv2%2Fcategories&post=1227"},{"taxonomy":"post_tag","embeddable":true,"href":"https:\/\/www.colegiotremanes.com\/index.php?rest_route=%2Fwp%2Fv2%2Ftags&post=1227"}],"curies":[{"name":"wp","href":"https:\/\/api.w.org\/{rel}","templated":true}]}}